{"id":4377,"date":"2025-11-19T10:24:06","date_gmt":"2025-11-19T10:24:06","guid":{"rendered":"https:\/\/webservatory.eu\/?p=4377"},"modified":"2025-11-24T13:43:09","modified_gmt":"2025-11-24T13:43:09","slug":"space_tec_expo_25","status":"publish","type":"post","link":"https:\/\/webservatory.eu\/de\/space_tec_expo_25\/","title":{"rendered":"Space Tech Expo 2025 \u2013 Ein Tag voller Innovation"},"content":{"rendered":"<h4 class=\"wp-block-heading\"><strong>St\u00e4rkung bestehender Partnerschaften, neue Verbindungen und eine beeindruckende Vielfalt an Innovationen, Projekten und Zukunftsvisionen<\/strong><\/h4>\n\n\n\n<p>Auch in diesem Jahr hatten wir erneut das gro\u00dfe Vergn\u00fcgen, die Space Tech Expo 2025 zu besuchen \u2013 eines der bedeutendsten Events der europ\u00e4ischen Raumfahrt- und Technologiebranche.<\/p>\n\n\n\n<p>In zahlreichen spannenden Gespr\u00e4chen und durch wertvolle Einblicke konnten wir nicht nur bestehende Kooperationen vertiefen, sondern auch neue Kontakte kn\u00fcpfen.<\/p>\n\n\n\n<h3 class=\"wp-block-heading\"><strong>Highlights der pr\u00e4sentierten Projekte<\/strong><\/h3>\n\n\n\n<p>Neben der breiten Palette innovativer Projekte, L\u00f6sungen und Unternehmen, die auf der Space Tech Expo vertreten waren, m\u00f6chten wir besonders folgende hervorheben:<\/p>\n\n\n\n<h3 class=\"wp-block-heading\"><strong>APPARILLiO Staring Unit beim DLR<\/strong><\/h3>\n\n\n\n<p class=\"translation-block\">Am Stand des a href=\"https:\/\/www.dlr.de\/en\" target=\"_self\"&gt;DLR<\/a> hatten Besucher in diesem Jahr die M\u00f6glichkeit, die APPARILLiO Staring Unit live zu erleben.<\/p>\n\n\n\n<p>Der APPARILLiO wurde als Forschungsprojekt f\u00fcr ein integriertes System zur \u00dcberwachung des erdnahen Orbits entwickelt und demonstriert eindrucksvoll, wie fortschrittliche Optik und intelligente Datenverarbeitung die Space Situational Awareness (SSA) ma\u00dfgeblich verbessern k\u00f6nnen.<\/p>\n\n\n\n<p class=\"translation-block\">Bereits Anfang des Jahres konnten wir das System vom DLR lizensieren und somit einen weiteren bedeutenden Meilenstein in Zusammenarbeit zwischen uns und dem <a href=\"https:\/\/www.dlr.de\/en\" target=\"_self\">DLR<\/a> erreichen. (<a href=\"https:\/\/webservatory.eu\/de\/webservatory-apparillio-project-with-dlr\/\" target=\"_self\">Webservatory<sup class=\"reg-mark\">\u00ae<\/sup> APPARILLIO Project with DLR<\/a>)<\/p>\n\n\n\n<p><\/p>\n\n\n\n<h3 class=\"wp-block-heading\"><strong>SOFA Lasercom Modul<\/strong><\/h3>\n\n\n\n<p class=\"translation-block\">Ein weiteres Highlight war unser Besuch bei unserem Partner <a href=\"https:\/\/www.baader-planetarium.com\" target=\"_self\">Baader Planetarium<\/a>, wo wir das SOFA Lasercom Modul \u2013 entwickelt vom DLR \u2013 in Augenschein nehmen konnten.<\/p>\n\n\n\n<p class=\"translation-block\">Das <strong>Small Optical Ground Station Focal-optics Assembly (SOFA)<\/strong> ist ein kosteneffizientes Instrument, das Standardoptiken von Teleskopen erg\u00e4nzt und astronomische Observatorien sowie kommerzielle Off-the-Shelf-(COTS)-Teleskope in optische Bodenstationen verwandelt. Besonders beeindruckend sind die Pr\u00e4zision und Kompaktheit des Systems sowie die klare Vision, wie Laserkommunikation k\u00fcnftig eine Schl\u00fcsselrolle in der Satellitenkommunikation einnehmen wird.<\/p>\n\n\n\n<p>Diese Entwicklung verdeutlicht eindrucksvoll, wie Industrie und Forschung durch enge Zusammenarbeit neue Ma\u00dfst\u00e4be in der weltraumbasierten Kommunikation setzen k\u00f6nnen.<\/p>\n\n\n\n<p><\/p>\n\n\n\n<h3 class=\"wp-block-heading\"><strong>Ein Tag voller Impulse und neuer M\u00f6glichkeiten<\/strong><\/h3>\n\n\n\n<p>Wir blicken gespannt auf die n\u00e4chsten Schritte \u2013 denn mehrere vielversprechende Projekte befinden sich bereits in Vorbereitung.<\/p>\n\n\n\n<p class=\"translation-block\">Ein herzliches Dankesch\u00f6n an die <a href=\"https:\/\/www.spacetechexpo-europe.com\" target=\"_self\">Space Tech Expo<\/a> f\u00fcr die hervorragende Organisation und die wertvolle Plattform f\u00fcr Austausch, Vernetzung und Innovation.<\/p>\n\n\n\n<p><\/p>","protected":false},"excerpt":{"rendered":"<p>Strengthening existing partnerships, forging new connections, and experiencing an impressive diversity of innovations, projects, and future visions This year, we once again had the great pleasure of attending Space Tech Expo 2025 \u2013 one of the most important events in the European space and technology sector. Through numerous inspiring discussions and valuable insights, we were [&hellip;]<\/p>\n","protected":false},"author":1,"featured_media":4378,"comment_status":"open","ping_status":"open","sticky":false,"template":"","format":"standard","meta":{"_acf_changed":false,"footnotes":""},"categories":[25,21],"tags":[],"class_list":["post-4377","post","type-post","status-publish","format-standard","has-post-thumbnail","hentry","category-news","category-ssa"],"acf":[],"yoast_head":"<!-- This site is optimized with the Yoast SEO plugin v27.2 - https:\/\/yoast.com\/product\/yoast-seo-wordpress\/ -->\n<title>Space Tech Expo 2025 - An inspiring day of innovation - Webservatory<\/title>\n<meta name=\"robots\" content=\"index, follow, max-snippet:-1, max-image-preview:large, max-video-preview:-1\" \/>\n<link rel=\"canonical\" href=\"https:\/\/webservatory.eu\/de\/space_tec_expo_25\/\" \/>\n<meta property=\"og:locale\" content=\"de_DE\" \/>\n<meta property=\"og:type\" content=\"article\" \/>\n<meta property=\"og:title\" content=\"Space Tech Expo 2025 - An inspiring day of innovation - Webservatory\" \/>\n<meta property=\"og:description\" content=\"Strengthening existing partnerships, forging new connections, and experiencing an impressive diversity of innovations, projects, and future visions This year, we once again had the great pleasure of attending Space Tech Expo 2025 \u2013 one of the most important events in the European space and technology sector. Through numerous inspiring discussions and valuable insights, we were [&hellip;]\" \/>\n<meta property=\"og:url\" content=\"https:\/\/webservatory.eu\/de\/space_tec_expo_25\/\" \/>\n<meta property=\"og:site_name\" content=\"Webservatory\" \/>\n<meta property=\"article:published_time\" content=\"2025-11-19T10:24:06+00:00\" \/>\n<meta property=\"article:modified_time\" content=\"2025-11-24T13:43:09+00:00\" \/>\n<meta property=\"og:image\" content=\"https:\/\/webservatory.eu\/wp-content\/uploads\/2025\/11\/IMG_1012-scaled-e1763545158890.jpg\" \/>\n\t<meta property=\"og:image:width\" content=\"1920\" \/>\n\t<meta property=\"og:image:height\" content=\"1338\" \/>\n\t<meta property=\"og:image:type\" content=\"image\/jpeg\" \/>\n<meta name=\"author\" content=\"S. Kortenhorn\" \/>\n<meta name=\"twitter:card\" content=\"summary_large_image\" \/>\n<meta name=\"twitter:label1\" content=\"Verfasst von\" \/>\n\t<meta name=\"twitter:data1\" content=\"S. Kortenhorn\" \/>\n\t<meta name=\"twitter:label2\" content=\"Gesch\u00e4tzte Lesezeit\" \/>\n\t<meta name=\"twitter:data2\" content=\"2\u00a0Minuten\" \/>\n<script type=\"application\/ld+json\" class=\"yoast-schema-graph\">{\"@context\":\"https:\/\/schema.org\",\"@graph\":[{\"@type\":\"Article\",\"@id\":\"https:\/\/webservatory.eu\/space_tec_expo_25\/#article\",\"isPartOf\":{\"@id\":\"https:\/\/webservatory.eu\/space_tec_expo_25\/\"},\"author\":{\"name\":\"S. Kortenhorn\",\"@id\":\"https:\/\/webservatory.eu\/#\/schema\/person\/30ab96b2ab172e855fafb6a49c430161\"},\"headline\":\"Space Tech Expo 2025 &#8211; An inspiring day of innovation\",\"datePublished\":\"2025-11-19T10:24:06+00:00\",\"dateModified\":\"2025-11-24T13:43:09+00:00\",\"mainEntityOfPage\":{\"@id\":\"https:\/\/webservatory.eu\/space_tec_expo_25\/\"},\"wordCount\":328,\"commentCount\":0,\"publisher\":{\"@id\":\"https:\/\/webservatory.eu\/#organization\"},\"image\":{\"@id\":\"https:\/\/webservatory.eu\/space_tec_expo_25\/#primaryimage\"},\"thumbnailUrl\":\"https:\/\/webservatory.eu\/wp-content\/uploads\/2025\/11\/IMG_1012-scaled-e1763545158890.jpg\",\"articleSection\":[\"News\",\"SSA\"],\"inLanguage\":\"de\",\"potentialAction\":[{\"@type\":\"CommentAction\",\"name\":\"Comment\",\"target\":[\"https:\/\/webservatory.eu\/space_tec_expo_25\/#respond\"]}]},{\"@type\":\"WebPage\",\"@id\":\"https:\/\/webservatory.eu\/space_tec_expo_25\/\",\"url\":\"https:\/\/webservatory.eu\/space_tec_expo_25\/\",\"name\":\"Space Tech Expo 2025 - An inspiring day of innovation - Webservatory\",\"isPartOf\":{\"@id\":\"https:\/\/webservatory.eu\/#website\"},\"primaryImageOfPage\":{\"@id\":\"https:\/\/webservatory.eu\/space_tec_expo_25\/#primaryimage\"},\"image\":{\"@id\":\"https:\/\/webservatory.eu\/space_tec_expo_25\/#primaryimage\"},\"thumbnailUrl\":\"https:\/\/webservatory.eu\/wp-content\/uploads\/2025\/11\/IMG_1012-scaled-e1763545158890.jpg\",\"datePublished\":\"2025-11-19T10:24:06+00:00\",\"dateModified\":\"2025-11-24T13:43:09+00:00\",\"breadcrumb\":{\"@id\":\"https:\/\/webservatory.eu\/space_tec_expo_25\/#breadcrumb\"},\"inLanguage\":\"de\",\"potentialAction\":[{\"@type\":\"ReadAction\",\"target\":[\"https:\/\/webservatory.eu\/space_tec_expo_25\/\"]}]},{\"@type\":\"ImageObject\",\"inLanguage\":\"de\",\"@id\":\"https:\/\/webservatory.eu\/space_tec_expo_25\/#primaryimage\",\"url\":\"https:\/\/webservatory.eu\/wp-content\/uploads\/2025\/11\/IMG_1012-scaled-e1763545158890.jpg\",\"contentUrl\":\"https:\/\/webservatory.eu\/wp-content\/uploads\/2025\/11\/IMG_1012-scaled-e1763545158890.jpg\",\"width\":1920,\"height\":1338},{\"@type\":\"BreadcrumbList\",\"@id\":\"https:\/\/webservatory.eu\/space_tec_expo_25\/#breadcrumb\",\"itemListElement\":[{\"@type\":\"ListItem\",\"position\":1,\"name\":\"Startseite\",\"item\":\"https:\/\/webservatory.eu\/\"},{\"@type\":\"ListItem\",\"position\":2,\"name\":\"Space Tech Expo 2025 &#8211; An inspiring day of innovation\"}]},{\"@type\":\"WebSite\",\"@id\":\"https:\/\/webservatory.eu\/#website\",\"url\":\"https:\/\/webservatory.eu\/\",\"name\":\"Webservatory\",\"description\":\"Making Space Accessible\",\"publisher\":{\"@id\":\"https:\/\/webservatory.eu\/#organization\"},\"potentialAction\":[{\"@type\":\"SearchAction\",\"target\":{\"@type\":\"EntryPoint\",\"urlTemplate\":\"https:\/\/webservatory.eu\/?s={search_term_string}\"},\"query-input\":{\"@type\":\"PropertyValueSpecification\",\"valueRequired\":true,\"valueName\":\"search_term_string\"}}],\"inLanguage\":\"de\"},{\"@type\":\"Organization\",\"@id\":\"https:\/\/webservatory.eu\/#organization\",\"name\":\"Webservatory\",\"url\":\"https:\/\/webservatory.eu\/\",\"logo\":{\"@type\":\"ImageObject\",\"inLanguage\":\"de\",\"@id\":\"https:\/\/webservatory.eu\/#\/schema\/logo\/image\/\",\"url\":\"https:\/\/webservatory.eu\/wp-content\/uploads\/2025\/10\/WS-Logo-black-1021.svg\",\"contentUrl\":\"https:\/\/webservatory.eu\/wp-content\/uploads\/2025\/10\/WS-Logo-black-1021.svg\",\"width\":964,\"height\":205,\"caption\":\"Webservatory\"},\"image\":{\"@id\":\"https:\/\/webservatory.eu\/#\/schema\/logo\/image\/\"}},{\"@type\":\"Person\",\"@id\":\"https:\/\/webservatory.eu\/#\/schema\/person\/30ab96b2ab172e855fafb6a49c430161\",\"name\":\"S. Kortenhorn\",\"image\":{\"@type\":\"ImageObject\",\"inLanguage\":\"de\",\"@id\":\"https:\/\/webservatory.eu\/wp-content\/uploads\/2025\/11\/cropped-Simon-lr-96x96.jpg\",\"url\":\"https:\/\/webservatory.eu\/wp-content\/uploads\/2025\/11\/cropped-Simon-lr-96x96.jpg\",\"contentUrl\":\"https:\/\/webservatory.eu\/wp-content\/uploads\/2025\/11\/cropped-Simon-lr-96x96.jpg\",\"caption\":\"S. Kortenhorn\"},\"url\":\"https:\/\/webservatory.eu\/de\/author\/simon-kortenhorn\/\"}]}<\/script>\n<!-- \/ Yoast SEO plugin. -->","yoast_head_json":{"title":"Space Tech Expo 2025 - An inspiring day of innovation - Webservatory","robots":{"index":"index","follow":"follow","max-snippet":"max-snippet:-1","max-image-preview":"max-image-preview:large","max-video-preview":"max-video-preview:-1"},"canonical":"https:\/\/webservatory.eu\/de\/space_tec_expo_25\/","og_locale":"de_DE","og_type":"article","og_title":"Space Tech Expo 2025 - An inspiring day of innovation - Webservatory","og_description":"Strengthening existing partnerships, forging new connections, and experiencing an impressive diversity of innovations, projects, and future visions This year, we once again had the great pleasure of attending Space Tech Expo 2025 \u2013 one of the most important events in the European space and technology sector. Through numerous inspiring discussions and valuable insights, we were [&hellip;]","og_url":"https:\/\/webservatory.eu\/de\/space_tec_expo_25\/","og_site_name":"Webservatory","article_published_time":"2025-11-19T10:24:06+00:00","article_modified_time":"2025-11-24T13:43:09+00:00","og_image":[{"width":1920,"height":1338,"url":"https:\/\/webservatory.eu\/wp-content\/uploads\/2025\/11\/IMG_1012-scaled-e1763545158890.jpg","type":"image\/jpeg"}],"author":"S. Kortenhorn","twitter_card":"summary_large_image","twitter_misc":{"Verfasst von":"S. Kortenhorn","Gesch\u00e4tzte Lesezeit":"2\u00a0Minuten"},"schema":{"@context":"https:\/\/schema.org","@graph":[{"@type":"Article","@id":"https:\/\/webservatory.eu\/space_tec_expo_25\/#article","isPartOf":{"@id":"https:\/\/webservatory.eu\/space_tec_expo_25\/"},"author":{"name":"S. Kortenhorn","@id":"https:\/\/webservatory.eu\/#\/schema\/person\/30ab96b2ab172e855fafb6a49c430161"},"headline":"Space Tech Expo 2025 &#8211; An inspiring day of innovation","datePublished":"2025-11-19T10:24:06+00:00","dateModified":"2025-11-24T13:43:09+00:00","mainEntityOfPage":{"@id":"https:\/\/webservatory.eu\/space_tec_expo_25\/"},"wordCount":328,"commentCount":0,"publisher":{"@id":"https:\/\/webservatory.eu\/#organization"},"image":{"@id":"https:\/\/webservatory.eu\/space_tec_expo_25\/#primaryimage"},"thumbnailUrl":"https:\/\/webservatory.eu\/wp-content\/uploads\/2025\/11\/IMG_1012-scaled-e1763545158890.jpg","articleSection":["News","SSA"],"inLanguage":"de","potentialAction":[{"@type":"CommentAction","name":"Comment","target":["https:\/\/webservatory.eu\/space_tec_expo_25\/#respond"]}]},{"@type":"WebPage","@id":"https:\/\/webservatory.eu\/space_tec_expo_25\/","url":"https:\/\/webservatory.eu\/space_tec_expo_25\/","name":"Space Tech Expo 2025 - An inspiring day of innovation - Webservatory","isPartOf":{"@id":"https:\/\/webservatory.eu\/#website"},"primaryImageOfPage":{"@id":"https:\/\/webservatory.eu\/space_tec_expo_25\/#primaryimage"},"image":{"@id":"https:\/\/webservatory.eu\/space_tec_expo_25\/#primaryimage"},"thumbnailUrl":"https:\/\/webservatory.eu\/wp-content\/uploads\/2025\/11\/IMG_1012-scaled-e1763545158890.jpg","datePublished":"2025-11-19T10:24:06+00:00","dateModified":"2025-11-24T13:43:09+00:00","breadcrumb":{"@id":"https:\/\/webservatory.eu\/space_tec_expo_25\/#breadcrumb"},"inLanguage":"de","potentialAction":[{"@type":"ReadAction","target":["https:\/\/webservatory.eu\/space_tec_expo_25\/"]}]},{"@type":"ImageObject","inLanguage":"de","@id":"https:\/\/webservatory.eu\/space_tec_expo_25\/#primaryimage","url":"https:\/\/webservatory.eu\/wp-content\/uploads\/2025\/11\/IMG_1012-scaled-e1763545158890.jpg","contentUrl":"https:\/\/webservatory.eu\/wp-content\/uploads\/2025\/11\/IMG_1012-scaled-e1763545158890.jpg","width":1920,"height":1338},{"@type":"BreadcrumbList","@id":"https:\/\/webservatory.eu\/space_tec_expo_25\/#breadcrumb","itemListElement":[{"@type":"ListItem","position":1,"name":"Startseite","item":"https:\/\/webservatory.eu\/"},{"@type":"ListItem","position":2,"name":"Space Tech Expo 2025 &#8211; An inspiring day of innovation"}]},{"@type":"WebSite","@id":"https:\/\/webservatory.eu\/#website","url":"https:\/\/webservatory.eu\/","name":"Webservatory","description":"Making Space Accessible","publisher":{"@id":"https:\/\/webservatory.eu\/#organization"},"potentialAction":[{"@type":"SearchAction","target":{"@type":"EntryPoint","urlTemplate":"https:\/\/webservatory.eu\/?s={search_term_string}"},"query-input":{"@type":"PropertyValueSpecification","valueRequired":true,"valueName":"search_term_string"}}],"inLanguage":"de"},{"@type":"Organization","@id":"https:\/\/webservatory.eu\/#organization","name":"Webservatory","url":"https:\/\/webservatory.eu\/","logo":{"@type":"ImageObject","inLanguage":"de","@id":"https:\/\/webservatory.eu\/#\/schema\/logo\/image\/","url":"https:\/\/webservatory.eu\/wp-content\/uploads\/2025\/10\/WS-Logo-black-1021.svg","contentUrl":"https:\/\/webservatory.eu\/wp-content\/uploads\/2025\/10\/WS-Logo-black-1021.svg","width":964,"height":205,"caption":"Webservatory"},"image":{"@id":"https:\/\/webservatory.eu\/#\/schema\/logo\/image\/"}},{"@type":"Person","@id":"https:\/\/webservatory.eu\/#\/schema\/person\/30ab96b2ab172e855fafb6a49c430161","name":"S. Kortenhorn","image":{"@type":"ImageObject","inLanguage":"de","@id":"https:\/\/webservatory.eu\/wp-content\/uploads\/2025\/11\/cropped-Simon-lr-96x96.jpg","url":"https:\/\/webservatory.eu\/wp-content\/uploads\/2025\/11\/cropped-Simon-lr-96x96.jpg","contentUrl":"https:\/\/webservatory.eu\/wp-content\/uploads\/2025\/11\/cropped-Simon-lr-96x96.jpg","caption":"S. Kortenhorn"},"url":"https:\/\/webservatory.eu\/de\/author\/simon-kortenhorn\/"}]}},"_links":{"self":[{"href":"https:\/\/webservatory.eu\/de\/wp-json\/wp\/v2\/posts\/4377","targetHints":{"allow":["GET"]}}],"collection":[{"href":"https:\/\/webservatory.eu\/de\/wp-json\/wp\/v2\/posts"}],"about":[{"href":"https:\/\/webservatory.eu\/de\/wp-json\/wp\/v2\/types\/post"}],"author":[{"embeddable":true,"href":"https:\/\/webservatory.eu\/de\/wp-json\/wp\/v2\/users\/1"}],"replies":[{"embeddable":true,"href":"https:\/\/webservatory.eu\/de\/wp-json\/wp\/v2\/comments?post=4377"}],"version-history":[{"count":12,"href":"https:\/\/webservatory.eu\/de\/wp-json\/wp\/v2\/posts\/4377\/revisions"}],"predecessor-version":[{"id":4463,"href":"https:\/\/webservatory.eu\/de\/wp-json\/wp\/v2\/posts\/4377\/revisions\/4463"}],"wp:featuredmedia":[{"embeddable":true,"href":"https:\/\/webservatory.eu\/de\/wp-json\/wp\/v2\/media\/4378"}],"wp:attachment":[{"href":"https:\/\/webservatory.eu\/de\/wp-json\/wp\/v2\/media?parent=4377"}],"wp:term":[{"taxonomy":"category","embeddable":true,"href":"https:\/\/webservatory.eu\/de\/wp-json\/wp\/v2\/categories?post=4377"},{"taxonomy":"post_tag","embeddable":true,"href":"https:\/\/webservatory.eu\/de\/wp-json\/wp\/v2\/tags?post=4377"}],"curies":[{"name":"wp","href":"https:\/\/api.w.org\/{rel}","templated":true}]}}