{"id":54,"date":"2025-07-21T08:23:14","date_gmt":"2025-07-21T08:23:14","guid":{"rendered":"https:\/\/webservatory.eu\/?p=54"},"modified":"2025-11-17T05:39:31","modified_gmt":"2025-11-17T05:39:31","slug":"german-armed-forces-space-surveillance-project","status":"publish","type":"post","link":"https:\/\/webservatory.eu\/de\/german-armed-forces-space-surveillance-project\/","title":{"rendered":"Weltraum\u00fcberwachungsprojekt der Bundeswehr"},"content":{"rendered":"<h3 class=\"wp-block-heading\">Die sciencentric AG freut sich, ihre zentrale Rolle im neuen Weltraum\u00fcberwachungsprojekt der Bundeswehr bekannt zu geben.<\/h3>\n\n\n\n<p>Im Rahmen dieses bedeutenden Projekts, das die Installation modernster Beobachtungssysteme zur \u00dcberwachung des Weltraums umfasst, liefert die sciencentric AG die hochentwickelte Software-Plattform f\u00fcr die nahtlose Integration und den vollautomatisierten Betrieb der Teleskopsysteme.&nbsp;<\/p>\n\n\n\n<p class=\"translation-block\">as Projekt, das vom Beschaffungsamt der Bundeswehr (BAAINBw) initiiert wurde, sieht die Installation zweier 1-Meter-Teleskope von PlaneWave Instruments und zweier 6,15 Meter gro\u00dfer Baader Spaltkuppeln (Advanced) vor, die von der <a href=\"https:\/\/www.baader-planetarium.com\/\" target=\"_self\">Baader Planetarium GmbH<\/a> geliefert werden. Diese Komponenten werden zur \u00dcberwachung von Objekten im Low Earth Orbit (LEO) bis hin zum Geostationary Orbit (GEO) eingesetzt und stellen einen wichtigen Schritt f\u00fcr die Weltraum\u00fcberwachungskapazit\u00e4ten der Bundeswehr dar.<\/p>\n\n\n\n<p class=\"translation-block\">F\u00fcr die nahtlose Integration und den vollends autarken bzw. robotischen Betrieb der Teleskopsysteme aus der Ferne sorgt die von sciencentric AG entwickelte Software-Plattform Webservatory. Diese erm\u00f6glicht nicht nur eine pr\u00e4zise Steuerung, sondern auch die effiziente Verwaltung und Analyse sowie die Datenreduktion der relevanten Informationen aus den gesammelten Daten. S\u00e4mtliche operativen Prozesse und Analysen, einschlie\u00dflich der Steuerung der Systeme sowie die \u00dcbermittlung und Kommunikation mit dem Weltraumlagezentrum in Uedem, erfolgen vollautomatisch bzw. \u00fcber ein Multiplattform-basiertes, benutzerfreundliches und modernes User Interface (UI). Dadurch werden eine intuitive Bedienung und eine deutlich vereinfachte Nutzung sichergestellt. Diese L\u00f6sung sorgt daf\u00fcr, dass alle Anwender die volle Funktionalit\u00e4t der Teleskopsysteme optimal nutzen k\u00f6nnen.<\/p>\n\n\n\n<p>\u201eWir sind stolz darauf, ein Teil dieses bedeutenden Projekts zu sein und unsere Expertise im Bereich der Softwareentwicklung f\u00fcr wissenschaftliche Anwendungen einzubringen,\u201c sagte Oliver Heuser, CEO der sciencentric AG. \u201eUnsere Software-Plattform ist speziell darauf ausgelegt, den Betrieb der Teleskopsysteme zu optimieren und die Benutzerfreundlichkeit f\u00fcr alle Anwender zu maximieren. Damit leisten wir einen entscheidenden Beitrag zur erfolgreichen Umsetzung dieses ambitionierten Weltraum\u00fcberwachungsprojekts.\u201c<\/p>\n\n\n\n<p class=\"translation-block\">Die <a href=\"https:\/\/steep.de\/\" target=\"_self\">steep GmbH<\/a> \u00fcbernimmt als Generalunternehmer die Gesamtverantwortung f\u00fcr das Projekt. Neben dem Projektmanagement umfasst dies auch die vollst\u00e4ndige Dokumentation sowie die Schulung der Anwender, um einen reibungslosen Betrieb und eine optimale Nutzung der Anlage sicherzustellen. Diese Zusammenarbeit gew\u00e4hrleistet, dass das gesamte System planm\u00e4\u00dfig und reibungslos in Betrieb genommen wird. Die vollst\u00e4ndige Integration und Inbetriebnahme der Teleskope im Weltraumlagezentrum (WRLageZ) in Uedem ist f\u00fcr das Jahr 2026 vorgesehen.<\/p>\n\n\n\n<p>Das Weltraum\u00fcberwachungsprojekt der Bundeswehr markiert einen wichtigen Meilenstein f\u00fcr die sciencentric AG und ihre Partner. Durch die Bereitstellung fortschrittlicher Softwarel\u00f6sungen tr\u00e4gt die sciencentric AG entscheidend dazu bei, die Weltraum\u00fcberwachung auf ein neues Niveau zu heben und die Sicherheit Deutschlands im Weltraum zu st\u00e4rken.<\/p>\n\n\n\n<p><\/p>","protected":false},"excerpt":{"rendered":"<p>sciencentric AG is pleased to announce its key role in the new space\u00a0surveillance\u00a0project of the German Armed Forces. As part of this significant project, which involves the installation of cutting-edge observation systems for space monitoring, sciencentric AG provides the advanced software platform for the seamless integration and fully automated operation of the telescope systems.&nbsp; The [&hellip;]<\/p>\n","protected":false},"author":1,"featured_media":4224,"comment_status":"open","ping_status":"open","sticky":false,"template":"","format":"standard","meta":{"_acf_changed":false,"footnotes":""},"categories":[25,21],"tags":[],"class_list":["post-54","post","type-post","status-publish","format-standard","has-post-thumbnail","hentry","category-news","category-ssa"],"acf":[],"yoast_head":"<!-- This site is optimized with the Yoast SEO plugin v27.2 - https:\/\/yoast.com\/product\/yoast-seo-wordpress\/ -->\n<title>German Armed Forces&#039; space surveillance project - Webservatory<\/title>\n<meta name=\"robots\" content=\"index, follow, max-snippet:-1, max-image-preview:large, max-video-preview:-1\" \/>\n<link rel=\"canonical\" href=\"https:\/\/webservatory.eu\/de\/german-armed-forces-space-surveillance-project\/\" \/>\n<meta property=\"og:locale\" content=\"de_DE\" \/>\n<meta property=\"og:type\" content=\"article\" \/>\n<meta property=\"og:title\" content=\"German Armed Forces&#039; space surveillance project - Webservatory\" \/>\n<meta property=\"og:description\" content=\"sciencentric AG is pleased to announce its key role in the new space\u00a0surveillance\u00a0project of the German Armed Forces. As part of this significant project, which involves the installation of cutting-edge observation systems for space monitoring, sciencentric AG provides the advanced software platform for the seamless integration and fully automated operation of the telescope systems.&nbsp; The [&hellip;]\" \/>\n<meta property=\"og:url\" content=\"https:\/\/webservatory.eu\/de\/german-armed-forces-space-surveillance-project\/\" \/>\n<meta property=\"og:site_name\" content=\"Webservatory\" \/>\n<meta property=\"article:published_time\" content=\"2025-07-21T08:23:14+00:00\" \/>\n<meta property=\"article:modified_time\" content=\"2025-11-17T05:39:31+00:00\" \/>\n<meta property=\"og:image\" content=\"https:\/\/webservatory.eu\/wp-content\/uploads\/2025\/11\/baader_bw1_lr.jpg\" \/>\n\t<meta property=\"og:image:width\" content=\"1920\" \/>\n\t<meta property=\"og:image:height\" content=\"1185\" \/>\n\t<meta property=\"og:image:type\" content=\"image\/jpeg\" \/>\n<meta name=\"author\" content=\"S. Kortenhorn\" \/>\n<meta name=\"twitter:card\" content=\"summary_large_image\" \/>\n<meta name=\"twitter:label1\" content=\"Verfasst von\" \/>\n\t<meta name=\"twitter:data1\" content=\"S. Kortenhorn\" \/>\n\t<meta name=\"twitter:label2\" content=\"Gesch\u00e4tzte Lesezeit\" \/>\n\t<meta name=\"twitter:data2\" content=\"3\u00a0Minuten\" \/>\n<script type=\"application\/ld+json\" class=\"yoast-schema-graph\">{\"@context\":\"https:\/\/schema.org\",\"@graph\":[{\"@type\":\"Article\",\"@id\":\"https:\/\/webservatory.eu\/german-armed-forces-space-surveillance-project\/#article\",\"isPartOf\":{\"@id\":\"https:\/\/webservatory.eu\/german-armed-forces-space-surveillance-project\/\"},\"author\":{\"name\":\"S. Kortenhorn\",\"@id\":\"https:\/\/webservatory.eu\/#\/schema\/person\/30ab96b2ab172e855fafb6a49c430161\"},\"headline\":\"German Armed Forces&#8217; space surveillance project\",\"datePublished\":\"2025-07-21T08:23:14+00:00\",\"dateModified\":\"2025-11-17T05:39:31+00:00\",\"mainEntityOfPage\":{\"@id\":\"https:\/\/webservatory.eu\/german-armed-forces-space-surveillance-project\/\"},\"wordCount\":420,\"commentCount\":0,\"publisher\":{\"@id\":\"https:\/\/webservatory.eu\/#organization\"},\"image\":{\"@id\":\"https:\/\/webservatory.eu\/german-armed-forces-space-surveillance-project\/#primaryimage\"},\"thumbnailUrl\":\"https:\/\/webservatory.eu\/wp-content\/uploads\/2025\/11\/baader_bw1_lr.jpg\",\"articleSection\":[\"News\",\"SSA\"],\"inLanguage\":\"de\",\"potentialAction\":[{\"@type\":\"CommentAction\",\"name\":\"Comment\",\"target\":[\"https:\/\/webservatory.eu\/german-armed-forces-space-surveillance-project\/#respond\"]}]},{\"@type\":\"WebPage\",\"@id\":\"https:\/\/webservatory.eu\/german-armed-forces-space-surveillance-project\/\",\"url\":\"https:\/\/webservatory.eu\/german-armed-forces-space-surveillance-project\/\",\"name\":\"German Armed Forces' space surveillance project - Webservatory\",\"isPartOf\":{\"@id\":\"https:\/\/webservatory.eu\/#website\"},\"primaryImageOfPage\":{\"@id\":\"https:\/\/webservatory.eu\/german-armed-forces-space-surveillance-project\/#primaryimage\"},\"image\":{\"@id\":\"https:\/\/webservatory.eu\/german-armed-forces-space-surveillance-project\/#primaryimage\"},\"thumbnailUrl\":\"https:\/\/webservatory.eu\/wp-content\/uploads\/2025\/11\/baader_bw1_lr.jpg\",\"datePublished\":\"2025-07-21T08:23:14+00:00\",\"dateModified\":\"2025-11-17T05:39:31+00:00\",\"breadcrumb\":{\"@id\":\"https:\/\/webservatory.eu\/german-armed-forces-space-surveillance-project\/#breadcrumb\"},\"inLanguage\":\"de\",\"potentialAction\":[{\"@type\":\"ReadAction\",\"target\":[\"https:\/\/webservatory.eu\/german-armed-forces-space-surveillance-project\/\"]}]},{\"@type\":\"ImageObject\",\"inLanguage\":\"de\",\"@id\":\"https:\/\/webservatory.eu\/german-armed-forces-space-surveillance-project\/#primaryimage\",\"url\":\"https:\/\/webservatory.eu\/wp-content\/uploads\/2025\/11\/baader_bw1_lr.jpg\",\"contentUrl\":\"https:\/\/webservatory.eu\/wp-content\/uploads\/2025\/11\/baader_bw1_lr.jpg\",\"width\":1920,\"height\":1185},{\"@type\":\"BreadcrumbList\",\"@id\":\"https:\/\/webservatory.eu\/german-armed-forces-space-surveillance-project\/#breadcrumb\",\"itemListElement\":[{\"@type\":\"ListItem\",\"position\":1,\"name\":\"Startseite\",\"item\":\"https:\/\/webservatory.eu\/\"},{\"@type\":\"ListItem\",\"position\":2,\"name\":\"German Armed Forces&#8216; space surveillance project\"}]},{\"@type\":\"WebSite\",\"@id\":\"https:\/\/webservatory.eu\/#website\",\"url\":\"https:\/\/webservatory.eu\/\",\"name\":\"Webservatory\",\"description\":\"Making Space Accessible\",\"publisher\":{\"@id\":\"https:\/\/webservatory.eu\/#organization\"},\"potentialAction\":[{\"@type\":\"SearchAction\",\"target\":{\"@type\":\"EntryPoint\",\"urlTemplate\":\"https:\/\/webservatory.eu\/?s={search_term_string}\"},\"query-input\":{\"@type\":\"PropertyValueSpecification\",\"valueRequired\":true,\"valueName\":\"search_term_string\"}}],\"inLanguage\":\"de\"},{\"@type\":\"Organization\",\"@id\":\"https:\/\/webservatory.eu\/#organization\",\"name\":\"Webservatory\",\"url\":\"https:\/\/webservatory.eu\/\",\"logo\":{\"@type\":\"ImageObject\",\"inLanguage\":\"de\",\"@id\":\"https:\/\/webservatory.eu\/#\/schema\/logo\/image\/\",\"url\":\"https:\/\/webservatory.eu\/wp-content\/uploads\/2025\/10\/WS-Logo-black-1021.svg\",\"contentUrl\":\"https:\/\/webservatory.eu\/wp-content\/uploads\/2025\/10\/WS-Logo-black-1021.svg\",\"width\":964,\"height\":205,\"caption\":\"Webservatory\"},\"image\":{\"@id\":\"https:\/\/webservatory.eu\/#\/schema\/logo\/image\/\"}},{\"@type\":\"Person\",\"@id\":\"https:\/\/webservatory.eu\/#\/schema\/person\/30ab96b2ab172e855fafb6a49c430161\",\"name\":\"S. Kortenhorn\",\"image\":{\"@type\":\"ImageObject\",\"inLanguage\":\"de\",\"@id\":\"https:\/\/webservatory.eu\/wp-content\/uploads\/2025\/11\/cropped-Simon-lr-96x96.jpg\",\"url\":\"https:\/\/webservatory.eu\/wp-content\/uploads\/2025\/11\/cropped-Simon-lr-96x96.jpg\",\"contentUrl\":\"https:\/\/webservatory.eu\/wp-content\/uploads\/2025\/11\/cropped-Simon-lr-96x96.jpg\",\"caption\":\"S. Kortenhorn\"},\"url\":\"https:\/\/webservatory.eu\/de\/author\/simon-kortenhorn\/\"}]}<\/script>\n<!-- \/ Yoast SEO plugin. -->","yoast_head_json":{"title":"German Armed Forces' space surveillance project - Webservatory","robots":{"index":"index","follow":"follow","max-snippet":"max-snippet:-1","max-image-preview":"max-image-preview:large","max-video-preview":"max-video-preview:-1"},"canonical":"https:\/\/webservatory.eu\/de\/german-armed-forces-space-surveillance-project\/","og_locale":"de_DE","og_type":"article","og_title":"German Armed Forces' space surveillance project - Webservatory","og_description":"sciencentric AG is pleased to announce its key role in the new space\u00a0surveillance\u00a0project of the German Armed Forces. As part of this significant project, which involves the installation of cutting-edge observation systems for space monitoring, sciencentric AG provides the advanced software platform for the seamless integration and fully automated operation of the telescope systems.&nbsp; The [&hellip;]","og_url":"https:\/\/webservatory.eu\/de\/german-armed-forces-space-surveillance-project\/","og_site_name":"Webservatory","article_published_time":"2025-07-21T08:23:14+00:00","article_modified_time":"2025-11-17T05:39:31+00:00","og_image":[{"width":1920,"height":1185,"url":"https:\/\/webservatory.eu\/wp-content\/uploads\/2025\/11\/baader_bw1_lr.jpg","type":"image\/jpeg"}],"author":"S. Kortenhorn","twitter_card":"summary_large_image","twitter_misc":{"Verfasst von":"S. Kortenhorn","Gesch\u00e4tzte Lesezeit":"3\u00a0Minuten"},"schema":{"@context":"https:\/\/schema.org","@graph":[{"@type":"Article","@id":"https:\/\/webservatory.eu\/german-armed-forces-space-surveillance-project\/#article","isPartOf":{"@id":"https:\/\/webservatory.eu\/german-armed-forces-space-surveillance-project\/"},"author":{"name":"S. Kortenhorn","@id":"https:\/\/webservatory.eu\/#\/schema\/person\/30ab96b2ab172e855fafb6a49c430161"},"headline":"German Armed Forces&#8217; space surveillance project","datePublished":"2025-07-21T08:23:14+00:00","dateModified":"2025-11-17T05:39:31+00:00","mainEntityOfPage":{"@id":"https:\/\/webservatory.eu\/german-armed-forces-space-surveillance-project\/"},"wordCount":420,"commentCount":0,"publisher":{"@id":"https:\/\/webservatory.eu\/#organization"},"image":{"@id":"https:\/\/webservatory.eu\/german-armed-forces-space-surveillance-project\/#primaryimage"},"thumbnailUrl":"https:\/\/webservatory.eu\/wp-content\/uploads\/2025\/11\/baader_bw1_lr.jpg","articleSection":["News","SSA"],"inLanguage":"de","potentialAction":[{"@type":"CommentAction","name":"Comment","target":["https:\/\/webservatory.eu\/german-armed-forces-space-surveillance-project\/#respond"]}]},{"@type":"WebPage","@id":"https:\/\/webservatory.eu\/german-armed-forces-space-surveillance-project\/","url":"https:\/\/webservatory.eu\/german-armed-forces-space-surveillance-project\/","name":"German Armed Forces' space surveillance project - Webservatory","isPartOf":{"@id":"https:\/\/webservatory.eu\/#website"},"primaryImageOfPage":{"@id":"https:\/\/webservatory.eu\/german-armed-forces-space-surveillance-project\/#primaryimage"},"image":{"@id":"https:\/\/webservatory.eu\/german-armed-forces-space-surveillance-project\/#primaryimage"},"thumbnailUrl":"https:\/\/webservatory.eu\/wp-content\/uploads\/2025\/11\/baader_bw1_lr.jpg","datePublished":"2025-07-21T08:23:14+00:00","dateModified":"2025-11-17T05:39:31+00:00","breadcrumb":{"@id":"https:\/\/webservatory.eu\/german-armed-forces-space-surveillance-project\/#breadcrumb"},"inLanguage":"de","potentialAction":[{"@type":"ReadAction","target":["https:\/\/webservatory.eu\/german-armed-forces-space-surveillance-project\/"]}]},{"@type":"ImageObject","inLanguage":"de","@id":"https:\/\/webservatory.eu\/german-armed-forces-space-surveillance-project\/#primaryimage","url":"https:\/\/webservatory.eu\/wp-content\/uploads\/2025\/11\/baader_bw1_lr.jpg","contentUrl":"https:\/\/webservatory.eu\/wp-content\/uploads\/2025\/11\/baader_bw1_lr.jpg","width":1920,"height":1185},{"@type":"BreadcrumbList","@id":"https:\/\/webservatory.eu\/german-armed-forces-space-surveillance-project\/#breadcrumb","itemListElement":[{"@type":"ListItem","position":1,"name":"Startseite","item":"https:\/\/webservatory.eu\/"},{"@type":"ListItem","position":2,"name":"German Armed Forces&#8216; space surveillance project"}]},{"@type":"WebSite","@id":"https:\/\/webservatory.eu\/#website","url":"https:\/\/webservatory.eu\/","name":"Webservatory","description":"Making Space Accessible","publisher":{"@id":"https:\/\/webservatory.eu\/#organization"},"potentialAction":[{"@type":"SearchAction","target":{"@type":"EntryPoint","urlTemplate":"https:\/\/webservatory.eu\/?s={search_term_string}"},"query-input":{"@type":"PropertyValueSpecification","valueRequired":true,"valueName":"search_term_string"}}],"inLanguage":"de"},{"@type":"Organization","@id":"https:\/\/webservatory.eu\/#organization","name":"Webservatory","url":"https:\/\/webservatory.eu\/","logo":{"@type":"ImageObject","inLanguage":"de","@id":"https:\/\/webservatory.eu\/#\/schema\/logo\/image\/","url":"https:\/\/webservatory.eu\/wp-content\/uploads\/2025\/10\/WS-Logo-black-1021.svg","contentUrl":"https:\/\/webservatory.eu\/wp-content\/uploads\/2025\/10\/WS-Logo-black-1021.svg","width":964,"height":205,"caption":"Webservatory"},"image":{"@id":"https:\/\/webservatory.eu\/#\/schema\/logo\/image\/"}},{"@type":"Person","@id":"https:\/\/webservatory.eu\/#\/schema\/person\/30ab96b2ab172e855fafb6a49c430161","name":"S. Kortenhorn","image":{"@type":"ImageObject","inLanguage":"de","@id":"https:\/\/webservatory.eu\/wp-content\/uploads\/2025\/11\/cropped-Simon-lr-96x96.jpg","url":"https:\/\/webservatory.eu\/wp-content\/uploads\/2025\/11\/cropped-Simon-lr-96x96.jpg","contentUrl":"https:\/\/webservatory.eu\/wp-content\/uploads\/2025\/11\/cropped-Simon-lr-96x96.jpg","caption":"S. Kortenhorn"},"url":"https:\/\/webservatory.eu\/de\/author\/simon-kortenhorn\/"}]}},"_links":{"self":[{"href":"https:\/\/webservatory.eu\/de\/wp-json\/wp\/v2\/posts\/54","targetHints":{"allow":["GET"]}}],"collection":[{"href":"https:\/\/webservatory.eu\/de\/wp-json\/wp\/v2\/posts"}],"about":[{"href":"https:\/\/webservatory.eu\/de\/wp-json\/wp\/v2\/types\/post"}],"author":[{"embeddable":true,"href":"https:\/\/webservatory.eu\/de\/wp-json\/wp\/v2\/users\/1"}],"replies":[{"embeddable":true,"href":"https:\/\/webservatory.eu\/de\/wp-json\/wp\/v2\/comments?post=54"}],"version-history":[{"count":3,"href":"https:\/\/webservatory.eu\/de\/wp-json\/wp\/v2\/posts\/54\/revisions"}],"predecessor-version":[{"id":3018,"href":"https:\/\/webservatory.eu\/de\/wp-json\/wp\/v2\/posts\/54\/revisions\/3018"}],"wp:featuredmedia":[{"embeddable":true,"href":"https:\/\/webservatory.eu\/de\/wp-json\/wp\/v2\/media\/4224"}],"wp:attachment":[{"href":"https:\/\/webservatory.eu\/de\/wp-json\/wp\/v2\/media?parent=54"}],"wp:term":[{"taxonomy":"category","embeddable":true,"href":"https:\/\/webservatory.eu\/de\/wp-json\/wp\/v2\/categories?post=54"},{"taxonomy":"post_tag","embeddable":true,"href":"https:\/\/webservatory.eu\/de\/wp-json\/wp\/v2\/tags?post=54"}],"curies":[{"name":"wp","href":"https:\/\/api.w.org\/{rel}","templated":true}]}}